{"id":1203,"date":"2023-11-14T15:23:24","date_gmt":"2023-11-14T15:23:24","guid":{"rendered":"https:\/\/blog.blindajemedico.org\/?p=1203"},"modified":"2023-11-14T15:23:25","modified_gmt":"2023-11-14T15:23:25","slug":"se-un-medico-inquebrantable","status":"publish","type":"post","link":"https:\/\/blog.blindajemedico.org\/index.php\/2023\/11\/14\/se-un-medico-inquebrantable\/","title":{"rendered":"S\u00e9 un m\u00e9dico Inquebrantable"},"content":{"rendered":"\n<p><br>La labor de los profesionales de la salud es fundamental para mantener el bienestar de los pacientes y la sociedad; sin embargo, la creciente complejidad en el sistema jur\u00eddico ha llegado a preocupar al gremio m\u00e9dico acerca de la posibilidad de enfrentar alguna demanda.<\/p>\n\n\n\n<p>&nbsp;<br>Los profesionales de la salud experimentan diariamente desaf\u00edos complejos, tomando decisiones cruciales que pueden tener un impacto significativo en la vida de los pacientes, adem\u00e1s de la amenaza constante de demandas que llegan afectar negativamente su capacidad para brindar atenci\u00f3n de calidad.<\/p>\n\n\n\n<p>El reconocer y agradecer el arduo trabajo de nuestros m\u00e9dicos ,la resiliencia y fortaleza en los momentos dif\u00edciles que enfrentan, el destacar la importancia de la labor que realizan d\u00eda a d\u00eda, manteni\u00e9ndose fuertes ante los desaf\u00edos emocionales y f\u00edsicos.<br><strong><\/strong><strong><\/strong><\/p>\n\n\n\n<p><strong>Inquebrantable: adj. Que persiste sin quebranto, o no puede quebrantarse.<\/strong><\/p>\n\n\n\n<p>La campa\u00f1a \u201cSomos Inquebrantables\u201d surge en respuesta a la inquietud que tienen los m\u00e9dicos, una iniciativa dise\u00f1ada para levantar la voz, crear conciencia sobre la injusticia que llegan a experimentar, con la promesa de proporcionar un Blindaje M\u00e9dico Jur\u00eddico Inquebrantable, garantizando as\u00ed que los m\u00e9dicos puedan desempe\u00f1ar su pr\u00e1ctica con libertad, confianza, tranquilidad y con la dedicaci\u00f3n que cada uno de nuestros <a href=\"https:\/\/blog.blindajemedico.org\/index.php\/2023\/10\/23\/dia-del-medico-guardianes-de-la-salud-en-mexico\/\" title=\"D\u00eda del M\u00e9dico, guardianes de la salud en M\u00e9xico\">h\u00e9roes con bata blanca<\/a> se destaca.<\/p>\n\n\n\n<p>En el art\u00edculo <a href=\"https:\/\/www.medigraphic.com\/pdfs\/cirgen\/cg-2011\/cgs112i.pdf\" title=\"\">\u201c<strong>Estado actual de las demandas\u201d<\/strong><\/a> de la revista Cirujano General nos hace menci\u00f3n que el 40% de los m\u00e9dicos en M\u00e9xico han enfrentado al menos una denuncia en su carrera profesional, un dato contundente de la situaci\u00f3n que los m\u00e9dicos enfrentan.<\/p>\n\n\n\n<p><br>El Doctor en Jurisprudencia y Director General de<a href=\"https:\/\/blog.blindajemedico.org\" title=\"\"> Blindaje M\u00e9dico Jur\u00eddico <\/a>Antonio Ju\u00e1rez Navarro en la revista Tops M\u00e9xico, Los Mejores Abogados de M\u00e9xico menciona:<br><br><\/p>\n\n\n\n<p><em>\u201cEl problema es que como sociedad nos falta tener conciencia. Para m\u00ed, ese es el&nbsp; &nbsp; problema, no es la cantidad de m\u00e9dicos, ni el Gobierno interno, lo que falta es conciencia, que los ciudadanos de M\u00e9xico nos hagamos responsables de lo que hacemos, de lo que comemos y c\u00f3mo nos tratamos a nosotros mismos\u201d<\/em><\/p>\n\n\n\n<p>Un grave estado de vulnerabilidad e indefensidad jur\u00eddica hacia el Gremio M\u00e9dico, ha motivado a la firma mexicana durante 17 a\u00f1os de experiencia.<\/p>\n\n\n\n<p><br><em>\u201cEmpezamos a estudiar las firmas y dijimos \u2018no saben lo que hacen\u2019. Les pedimos sus protocolos y no los ten\u00edan, trabajaban bajo \u2018t\u00fa c\u00f3brales y cuando tengan problemas aband\u00f3nalos\u2019. As\u00ed que decidimos hacer todo lo contrario a lo que se hac\u00eda por los m\u00e9dicos, por lo que los escuchamos, defendemos y acompa\u00f1amos en momentos que otros no lo har\u00edan\u201d, Antonio Ju\u00e1rez Navarro Expres\u00f3<\/em><\/p>\n\n\n\n<p>Por eso es que luchamos por hacer m\u00e1s m\u00e9dicos Inquebrantables, centrados en la necesidad urgente de defenderlos contra demandas fr\u00edvolas que pueden surgir en el ejercicio de sus funciones.<\/p>\n\n\n\n<p>En Blindaje M\u00e9dico Jur\u00eddico somos INQUEBRANTABLES.&nbsp;<\/p>\n","protected":false},"excerpt":{"rendered":"<p>La labor de los profesionales de la salud es fundamental para mantener el bienestar de los pacientes y la sociedad; sin embargo, la creciente complejidad en el sistema jur\u00eddico ha llegado a preocupar al gremio m\u00e9dico acerca de la posibilidad de enfrentar alguna demanda. &nbsp;Los profesionales de la salud experimentan diariamente desaf\u00edos complejos, tomando decisiones [&hellip;]<\/p>\n","protected":false},"author":2,"featured_media":1204,"comment_status":"open","ping_status":"open","sticky":false,"template":"","format":"standard","meta":{"content-type":"","om_disable_all_campaigns":false,"_monsterinsights_skip_tracking":false,"_monsterinsights_sitenote_active":false,"_monsterinsights_sitenote_note":"","_monsterinsights_sitenote_category":0},"categories":[27,23,24,30],"tags":[],"aioseo_notices":[],"jetpack_featured_media_url":"https:\/\/blog.blindajemedico.org\/wp-content\/uploads\/2023\/11\/WhatsApp-Image-2023-11-14-at-9.13.36-AM.jpeg","jetpack_likes_enabled":true,"jetpack_sharing_enabled":true,"_links":{"self":[{"href":"https:\/\/blog.blindajemedico.org\/index.php\/wp-json\/wp\/v2\/posts\/1203"}],"collection":[{"href":"https:\/\/blog.blindajemedico.org\/index.php\/wp-json\/wp\/v2\/posts"}],"about":[{"href":"https:\/\/blog.blindajemedico.org\/index.php\/wp-json\/wp\/v2\/types\/post"}],"author":[{"embeddable":true,"href":"https:\/\/blog.blindajemedico.org\/index.php\/wp-json\/wp\/v2\/users\/2"}],"replies":[{"embeddable":true,"href":"https:\/\/blog.blindajemedico.org\/index.php\/wp-json\/wp\/v2\/comments?post=1203"}],"version-history":[{"count":1,"href":"https:\/\/blog.blindajemedico.org\/index.php\/wp-json\/wp\/v2\/posts\/1203\/revisions"}],"predecessor-version":[{"id":1205,"href":"https:\/\/blog.blindajemedico.org\/index.php\/wp-json\/wp\/v2\/posts\/1203\/revisions\/1205"}],"wp:featuredmedia":[{"embeddable":true,"href":"https:\/\/blog.blindajemedico.org\/index.php\/wp-json\/wp\/v2\/media\/1204"}],"wp:attachment":[{"href":"https:\/\/blog.blindajemedico.org\/index.php\/wp-json\/wp\/v2\/media?parent=1203"}],"wp:term":[{"taxonomy":"category","embeddable":true,"href":"https:\/\/blog.blindajemedico.org\/index.php\/wp-json\/wp\/v2\/categories?post=1203"},{"taxonomy":"post_tag","embeddable":true,"href":"https:\/\/blog.blindajemedico.org\/index.php\/wp-json\/wp\/v2\/tags?post=1203"}],"curies":[{"name":"wp","href":"https:\/\/api.w.org\/{rel}","templated":true}]}}