{"id":1178,"date":"2023-10-26T10:20:00","date_gmt":"2023-10-26T10:20:00","guid":{"rendered":"https:\/\/blog.blindajemedico.org\/?p=1178"},"modified":"2023-10-30T16:24:48","modified_gmt":"2023-10-30T16:24:48","slug":"que-tan-perseguidos-son-los-medicos-en-mexico-por-algun-problema-juridico-2","status":"publish","type":"post","link":"https:\/\/blog.blindajemedico.org\/index.php\/2023\/10\/26\/que-tan-perseguidos-son-los-medicos-en-mexico-por-algun-problema-juridico-2\/","title":{"rendered":"\u00bfQu\u00e9 tan perseguidos son los m\u00e9dicos en M\u00e9xico por alg\u00fan problema jur\u00eddico?\u00a0"},"content":{"rendered":"\n<p><em>Los profesionales de la salud son quienes dedican mayor tiempo de su vida al cuidado y bienestar de la salud de los pacientes. En la actualidad se tiene una constante preocupaci\u00f3n en el Gremio M\u00e9dico ya que se ha percibido una creciente \u201cpersecuci\u00f3n\u201d hacia ellos.<\/em><\/p>\n\n\n\n<p>Este fen\u00f3meno se ha convertido en un tema de inter\u00e9s tanto para los medios de comunicaci\u00f3n como para el \u00e1mbito jur\u00eddico, estos temas han generado debates y controversias en torno a la \u00e9tica m\u00e9dica, la responsabilidad jur\u00eddica que se tienen y la cobertura medi\u00e1tica de estos casos.&nbsp;<\/p>\n\n\n\n<p>Existen dos vertientes en esta situaci\u00f3n: la cobertura de medios y la \u00f3ptica jur\u00eddica que puede haber en estos casos contra m\u00e9dicos llevando al concepto <em>criminalizaci\u00f3n del acto m\u00e9dico<\/em>.<\/p>\n\n\n\n<p>Los medios de comunicaci\u00f3n desempe\u00f1an un papel fundamental en la construcci\u00f3n de la percepci\u00f3n p\u00fablica, es as\u00ed como <a href=\"https:\/\/es.statista.com\/temas\/3700\/sector-de-la-radiodifusion-en-mexico\/#topicOverview\">M\u00e9xico es el pa\u00eds con el mayor universo de televidentes<\/a> en todo el mundo hispanohablante y, al igual que la telefon\u00eda, se estima que m\u00e1s del 90% de los hogares mexicanos cuentan con acceso a la tv abierta.<\/p>\n\n\n\n<p>Por este motivo los medios de comunicaci\u00f3n se convierten en agentes claves en la difusi\u00f3n de informaci\u00f3n sobre casos m\u00e9dicos-jur\u00eddicos, lo cual puede influir significativamente en la opini\u00f3n p\u00fablica y en la forma que se perciben estas situaciones.<\/p>\n\n\n\n<p>Es com\u00fan que los medios puedan presentar casos de mala praxis m\u00e9dicos de forma amarillista, lo que puede llegar a impactar de una manera negativa, provocando la generalizaci\u00f3n sobre la profesi\u00f3n de los m\u00e9dicos.&nbsp;<\/p>\n\n\n\n<p>Dichos enfoques pueden llegar a crear estigmatismos injustos hacia los m\u00e9dicos y esto mismo pueda llegar a generar desconfianza en el sistema de salud de M\u00e9xico.<\/p>\n\n\n\n<p>Es ah\u00ed donde los medios de comunicaci\u00f3n en M\u00e9xico deber\u00edan asumir la responsabilidad de informar con precisi\u00f3n y objetividad, asimismo evitar la exageraci\u00f3n y el morbo que en ocasiones se emplean en la difusi\u00f3n de informaci\u00f3n.&nbsp;&nbsp;<\/p>\n\n\n\n<p>Uno de los principios de Fitzpatrick K., en su art\u00edculo <a href=\"https:\/\/www.prsa.org\/docs\/default-source\/about\/ethics\/ethics-case-studies\/ethics-case-study-ethical-desision-making-guide.pdf?sfvrsn=8a55268f_4\">Decisiones \u00e9ticas que ayudan a resolver dilemas<\/a>, dice que para las relaciones p\u00fablicas surgen dilemas \u00e9ticos y responsabilidades que pueden llevar a conflictos, es ah\u00ed cuando se deben hacer acciones que respondan los siguientes puntos: <em>\u00bfcu\u00e1ndo podr\u00eda prevalecer la obligaci\u00f3n de servir al inter\u00e9s p\u00fablico?, \u00bfcu\u00e1ndo el inter\u00e9s de una parte interesada en particular tiene prioridad sobre otro?, \u00bfinter\u00e9s del empleador?<\/em> En otras palabras, \u00bfqu\u00e9 es exactamente la \u201cdefensa responsable\u201d?, esto para buena buena pr\u00e1ctica en relaciones p\u00fablicas \u00e9ticas, planteando cuestiones relacionadas de tener intereses equilibrados.&nbsp;<\/p>\n\n\n\n<p>En este sentido, un proceso \u00e9tico de toma de decisiones puede resultar \u00fatil, ya que el desconocimiento de alg\u00fan caso m\u00e9dico-jur\u00eddico mal informado hacia el p\u00fablico puede tener efectos negativos para la sociedad y a\u00fan peor para una persona que dedica la mayor parte de su vida a la medicina.<\/p>\n\n\n\n<p>Desde la objetividad jur\u00eddica, en ocasiones es m\u00e1s f\u00e1cil cargar la culpa a los m\u00e9dicos ante un resultado adverso que aceptar la existencia de la enfermedad o muerte. La desmesurada difusi\u00f3n por los medios masivos de comunicaci\u00f3n de los progresos de la ciencia m\u00e9dica ha motivado que el p\u00fablico la considere casi infalible, no permiti\u00e9ndose aceptar que la realidad de ciertos factores pueden llevar a un fracaso y por tanto incitando a la demanda contra los m\u00e9dicos.<\/p>\n\n\n\n<p>La persecuci\u00f3n de los m\u00e9dicos plantea cuestiones complejas relacionadas con la responsabilidad jur\u00eddica y la \u00e9tica profesional. Los casos de mala praxis m\u00e9dica a menudo se enfrentan a desaf\u00edos jur\u00eddicos complejos, en los que se deben determinar las causas de los resultados negativos y si hubo negligencia por parte del m\u00e9dico. Los expertos m\u00e9dicos y jur\u00eddicos deben colaborar estrechamente para establecer los est\u00e1ndares de atenci\u00f3n adecuados y evaluar si se cumplieron en el caso en cuesti\u00f3n.<\/p>\n\n\n\n<p>Es esencial que el sistema sea imparcial y justo en la persecuci\u00f3n de m\u00e9dicos. La presunci\u00f3n de inocencia debe ser respetada en todo momento porque los m\u00e9dicos deben tener la oportunidad de defenderse adecuadamente ante las acusaciones. La persecuci\u00f3n injusta de m\u00e9dicos puede tener un impacto devastador en sus carreras y su bienestar emocional, por lo que es esencial que los procesos legales sean justos y equitativos.<\/p>\n\n\n\n<p>Seg\u00fan la revista M\u00e9dica de la Paz<a href=\"http:\/\/www.scielo.org.bo\/scielo.php?script=sci_arttext&amp;pid=S1726-89582016000200011\"> los procesos jur\u00eddicos pueden ser largos y complicados<\/a>, lo que puede generar un alto nivel de estr\u00e9s y ansiedad en los m\u00e9dicos involucrados.&nbsp;<\/p>\n\n\n\n<p>En <a href=\"https:\/\/blog.blindajemedico.org\" title=\"\">Ju\u00e1rez y Asociados Blindaje M\u00e9dico Jur\u00eddico<\/a> apoyamos a los profesionales m\u00e9dicos con problem\u00e1ticas de negligencia y demandas. Somos la \u00fanica firma especializada en temas jur\u00eddicos y blindaje m\u00e9dico.<\/p>\n","protected":false},"excerpt":{"rendered":"<p>Los profesionales de la salud son quienes dedican mayor tiempo de su vida al cuidado y bienestar de la salud de los pacientes. En la actualidad se tiene una constante preocupaci\u00f3n en el Gremio M\u00e9dico ya que se ha percibido una creciente \u201cpersecuci\u00f3n\u201d hacia ellos. Este fen\u00f3meno se ha convertido en un tema de inter\u00e9s [&hellip;]<\/p>\n","protected":false},"author":2,"featured_media":1179,"comment_status":"open","ping_status":"open","sticky":false,"template":"","format":"standard","meta":{"content-type":"","om_disable_all_campaigns":false,"_monsterinsights_skip_tracking":false,"_monsterinsights_sitenote_active":false,"_monsterinsights_sitenote_note":"","_monsterinsights_sitenote_category":0},"categories":[27,23,24],"tags":[],"aioseo_notices":[],"jetpack_featured_media_url":"https:\/\/blog.blindajemedico.org\/wp-content\/uploads\/2023\/10\/imagenes-ebook-1.png","jetpack_likes_enabled":true,"jetpack_sharing_enabled":true,"_links":{"self":[{"href":"https:\/\/blog.blindajemedico.org\/index.php\/wp-json\/wp\/v2\/posts\/1178"}],"collection":[{"href":"https:\/\/blog.blindajemedico.org\/index.php\/wp-json\/wp\/v2\/posts"}],"about":[{"href":"https:\/\/blog.blindajemedico.org\/index.php\/wp-json\/wp\/v2\/types\/post"}],"author":[{"embeddable":true,"href":"https:\/\/blog.blindajemedico.org\/index.php\/wp-json\/wp\/v2\/users\/2"}],"replies":[{"embeddable":true,"href":"https:\/\/blog.blindajemedico.org\/index.php\/wp-json\/wp\/v2\/comments?post=1178"}],"version-history":[{"count":1,"href":"https:\/\/blog.blindajemedico.org\/index.php\/wp-json\/wp\/v2\/posts\/1178\/revisions"}],"predecessor-version":[{"id":1180,"href":"https:\/\/blog.blindajemedico.org\/index.php\/wp-json\/wp\/v2\/posts\/1178\/revisions\/1180"}],"wp:featuredmedia":[{"embeddable":true,"href":"https:\/\/blog.blindajemedico.org\/index.php\/wp-json\/wp\/v2\/media\/1179"}],"wp:attachment":[{"href":"https:\/\/blog.blindajemedico.org\/index.php\/wp-json\/wp\/v2\/media?parent=1178"}],"wp:term":[{"taxonomy":"category","embeddable":true,"href":"https:\/\/blog.blindajemedico.org\/index.php\/wp-json\/wp\/v2\/categories?post=1178"},{"taxonomy":"post_tag","embeddable":true,"href":"https:\/\/blog.blindajemedico.org\/index.php\/wp-json\/wp\/v2\/tags?post=1178"}],"curies":[{"name":"wp","href":"https:\/\/api.w.org\/{rel}","templated":true}]}}